{"id":2711,"date":"2020-10-18T11:16:12","date_gmt":"2020-10-18T11:16:12","guid":{"rendered":"http:\/\/rkk-grafenrheinfeld.de\/?p=2711"},"modified":"2020-11-23T05:39:18","modified_gmt":"2020-11-23T05:39:18","slug":"2711","status":"publish","type":"post","link":"https:\/\/rkk-grafenrheinfeld.de\/?p=2711","title":{"rendered":"RKK Grafenrheinfeld \u2013 Session 2020\/2021"},"content":{"rendered":"<p>Eigentlich steht bei den 1988 gegr\u00fcndeten Rafelder Krautsk\u00f6pfen das 33j\u00e4hrige Jubil\u00e4um an \u2013 hierzu wurden bereits Ideen gesammelt und erste Vorbereitungen getroffen, um dies mit den Mitgliedern an einem bunten Abend zu feiern. Im Juli zeigte sich das Pr\u00e4sidium noch optimistisch, Jubil\u00e4um, Training, Rathaussturm und Prunksitzungen, wenn auch eventuell in kleinerem Rahmen und trotz aller H\u00fcrden, in irgendeiner Form bewerkstelligen zu k\u00f6nnen. Ein entsprechendes Motto \u201eRKK 2021 Maskenball \u2013 Normal kann jeder\u201c wurde beschlossen. Aufgrund der aktuellen Entwicklungen haben nun zahlreiche befreundete Faschingsgesellschaften bereits ihre komplette Session abgesagt.<\/p>\n<p><br \/>Nach einigen Abw\u00e4gungen m\u00fcssen nun auch wir schweren Herzens unsere Prunksitzungen, die von rund 100 Akteuren gestaltet und ca. 600 Personen besucht werden, leider absagen. Da auch f\u00fcr das Jubil\u00e4um keine geb\u00fchrende Feier m\u00f6glich sein wird, wurde vom Pr\u00e4sidium auch hier eine Verschiebung beschlossen. Das Pr\u00e4sidium m\u00f6chte aber aktuell noch nicht endg\u00fcltig entscheiden, aus dem Faschingsbeginn 11.11. auch gleichzeitig den Aschermittwoch zu machen \u2013 also den Fasching komplett zu \u201ebeerdigen\u201c. Deshalb behalten wir uns vor, kurzfristig und spontan in minimalem Rahmen zumindest eine kleine n\u00e4rrische Aktion durchzuf\u00fchren. Vorausgesetzt nat\u00fcrlich, zu diesem Zeitpunkt g\u00fcltige Regeln und Fallzahlen lassen dies zu. Der Schutz unserer Mitglieder, Akteure und Besucher geht vor \u2013 so hoffen wir, im Jahr 2021 unsere Vorbereitung wieder aufnehmen zu k\u00f6nnen und dann 2022 wieder ein buntes B\u00fchnenprogramm pr\u00e4sentieren zu k\u00f6nnen. Wir freuen uns auf ein Wiedersehen. Bis dahin, bleibt gesund<\/p>\n\n\n<p><\/p>\n","protected":false},"excerpt":{"rendered":"<p>Eigentlich steht bei den 1988 gegr\u00fcndeten Rafelder Krautsk\u00f6pfen das 33j\u00e4hrige Jubil\u00e4um an \u2013 hierzu wurden bereits Ideen gesammelt und erste Vorbereitungen getroffen, um dies mit den Mitgliedern an einem bunten Abend zu feiern. Im Juli zeigte sich das Pr\u00e4sidium noch optimistisch, Jubil\u00e4um, Training, Rathaussturm und Prunksitzungen, wenn auch eventuell in kleinerem Rahmen und trotz aller&hellip; <br \/> <a class=\"read-more\" href=\"https:\/\/rkk-grafenrheinfeld.de\/?p=2711\">Weiterlesen<\/a><\/p>\n","protected":false},"author":1,"featured_media":2710,"comment_status":"open","ping_status":"open","sticky":false,"template":"","format":"standard","meta":{"jetpack_post_was_ever_published":false,"_jetpack_newsletter_access":"","_jetpack_dont_email_post_to_subs":false,"_jetpack_newsletter_tier_id":0,"_jetpack_memberships_contains_paywalled_content":false,"_jetpack_memberships_contains_paid_content":false,"footnotes":"","jetpack_publicize_message":"","jetpack_publicize_feature_enabled":true,"jetpack_social_post_already_shared":true,"jetpack_social_options":{"image_generator_settings":{"template":"highway","default_image_id":0,"font":"","enabled":false},"version":2}},"categories":[1],"tags":[],"class_list":["post-2711","post","type-post","status-publish","format-standard","has-post-thumbnail","hentry","category-uncategorized"],"jetpack_publicize_connections":[],"jetpack_featured_media_url":"https:\/\/rkk-grafenrheinfeld.de\/wp-content\/uploads\/2020\/10\/image_a6e5fe17-b861-4f2f-9903-e0308b11e709.rkk-2021.png","jetpack_sharing_enabled":true,"jetpack_shortlink":"https:\/\/wp.me\/saNhu7-2711","_links":{"self":[{"href":"https:\/\/rkk-grafenrheinfeld.de\/index.php?rest_route=\/wp\/v2\/posts\/2711","targetHints":{"allow":["GET"]}}],"collection":[{"href":"https:\/\/rkk-grafenrheinfeld.de\/index.php?rest_route=\/wp\/v2\/posts"}],"about":[{"href":"https:\/\/rkk-grafenrheinfeld.de\/index.php?rest_route=\/wp\/v2\/types\/post"}],"author":[{"embeddable":true,"href":"https:\/\/rkk-grafenrheinfeld.de\/index.php?rest_route=\/wp\/v2\/users\/1"}],"replies":[{"embeddable":true,"href":"https:\/\/rkk-grafenrheinfeld.de\/index.php?rest_route=%2Fwp%2Fv2%2Fcomments&post=2711"}],"version-history":[{"count":1,"href":"https:\/\/rkk-grafenrheinfeld.de\/index.php?rest_route=\/wp\/v2\/posts\/2711\/revisions"}],"predecessor-version":[{"id":2723,"href":"https:\/\/rkk-grafenrheinfeld.de\/index.php?rest_route=\/wp\/v2\/posts\/2711\/revisions\/2723"}],"wp:featuredmedia":[{"embeddable":true,"href":"https:\/\/rkk-grafenrheinfeld.de\/index.php?rest_route=\/wp\/v2\/media\/2710"}],"wp:attachment":[{"href":"https:\/\/rkk-grafenrheinfeld.de\/index.php?rest_route=%2Fwp%2Fv2%2Fmedia&parent=2711"}],"wp:term":[{"taxonomy":"category","embeddable":true,"href":"https:\/\/rkk-grafenrheinfeld.de\/index.php?rest_route=%2Fwp%2Fv2%2Fcategories&post=2711"},{"taxonomy":"post_tag","embeddable":true,"href":"https:\/\/rkk-grafenrheinfeld.de\/index.php?rest_route=%2Fwp%2Fv2%2Ftags&post=2711"}],"curies":[{"name":"wp","href":"https:\/\/api.w.org\/{rel}","templated":true}]}}